{"id":3831,"date":"2026-03-18T23:56:29","date_gmt":"2026-03-18T21:56:29","guid":{"rendered":"https:\/\/www.neuroky.fi\/?p=3831"},"modified":"2026-03-19T11:26:22","modified_gmt":"2026-03-19T09:26:22","slug":"korvenkylan-kesateatteri","status":"publish","type":"post","link":"http:\/\/www.neuroky.fi\/?p=3831","title":{"rendered":"Korvenkyl\u00e4n kes\u00e4teatteri"},"content":{"rendered":"\n<figure class=\"wp-block-image size-full\"><img loading=\"lazy\" decoding=\"async\" width=\"960\" height=\"640\" src=\"http:\/\/www.neuroky.fi\/wp-content\/uploads\/IMG_9026.jpeg\" alt=\"\" class=\"wp-image-3832\" srcset=\"http:\/\/www.neuroky.fi\/wp-content\/uploads\/IMG_9026.jpeg 960w, http:\/\/www.neuroky.fi\/wp-content\/uploads\/IMG_9026-300x200.jpeg 300w, http:\/\/www.neuroky.fi\/wp-content\/uploads\/IMG_9026-768x512.jpeg 768w\" sizes=\"auto, (max-width: 960px) 100vw, 960px\" \/><\/figure>\n\n\n\n<p>Korvenkyl\u00e4n kes\u00e4teatteri esitt\u00e4\u00e4<\/p>\n\n\n\n<p>maailmankuulun We Will Rock You &#8211;<\/p>\n\n\n\n<p>musikaalin, joka tuo Queenin legendaariset<\/p>\n\n\n\n<p>hitit Korvenkyl\u00e4\u00e4n. We Will Rock You vie<\/p>\n\n\n\n<p>katsojan tulevaisuuteen, jossa musiikki on<\/p>\n\n\n\n<p>kadonnut ja el\u00e4m\u00e4 on standardisoitu.<\/p>\n\n\n\n<p>Maailmaa hallitsee yhti\u00f6, joka kielt\u00e4\u00e4<\/p>\n\n\n\n<p>omaper\u00e4isyyden, live-esiintymiset ja oikeat<\/p>\n\n\n\n<p>soittimet. Kaikki on digitaalista, ja nuorten<\/p>\n\n\n\n<p>kapinallisten suurin haave on l\u00f6yt\u00e4\u00e4 takaisin se<\/p>\n\n\n\n<p>rytmi ja vapaus, joka joskus tunnettiin rock&#8217;n<\/p>\n\n\n\n<p>rollina.<\/p>\n\n\n\n<p>Lue lis\u00e4\u00e4: <a href=\"https:\/\/www.korvenkylankesateatteri.fi\/catalog\/item\/we-will-rock-you\">https:\/\/www.korvenkylankesateatteri.fi\/we-will-rock-you<\/a><\/p>\n\n\n\n<p>L\u00e4hde mukaan katsomaan esitys hyv\u00e4ss\u00e4 porukassa sunnuntaina 12.7. klo 17!<\/p>\n\n\n\n<p>Yhdistyksellemme on ennakkovaraus 45 paikasta (10 py\u00f6r\u00e4tuolipaikkaa avustajanpaikkoineen).<\/p>\n\n\n\n<p>Ilmoittautuminen ja maksutiedot<\/p>\n\n\n\n<p>Ilmoittautuminen on sitova<\/p>\n\n\n\n<p>Lipun omavastuu j\u00e4senilt\u00e4 on 10 \u20ac\/lippu<\/p>\n\n\n\n<p>My\u00f6s perheenj\u00e4senet voivat ostaa lipun j\u00e4senhinnalla<\/p>\n\n\n\n<p>Py\u00f6r\u00e4tuoliavustajat ovat ilmaisia, jos EU:n vammaiskortissa on A-merkint\u00e4<\/p>\n\n\n\n<p>Lippu ei sis\u00e4ll\u00e4 kuljetuksia eik\u00e4 v\u00e4liaikatarjoiluja<\/p>\n\n\n\n<p>Maksa lippusi 28.3. menness\u00e4 yhdistyksen tilille:<\/p>\n\n\n\n<p>FI32 5172 2040 0387 69<\/p>\n\n\n\n<p>Viesti: KES\u00c4TEATTERI<\/p>\n\n\n\n<p>Ilmoittaudu t\u00e4st\u00e4: <a href=\"https:\/\/forms.office.com\/pages\/responsepage.aspx?id=iqgb6OU3GECkRNlwlTiHdWqQpJHrcGRBu6lhYLNr5_JUNDZEWURGUzgyVFJUMFA3MkZWNkdGMFFOWS4u&amp;route=shorturl\">https:\/\/forms.o\ufb03ce.com\/e\/1GLVc3HnHx<\/a><\/p>\n","protected":false},"excerpt":{"rendered":"<p>Korvenkyl\u00e4n kes\u00e4teatteri esitt\u00e4\u00e4 maailmankuulun We Will Rock You &#8211; musikaalin, joka tuo Queenin legendaariset hitit Korvenkyl\u00e4\u00e4n. We Will Rock You vie katsojan tulevaisuuteen, jossa musiikki on kadonnut ja el\u00e4m\u00e4 on standardisoitu. Maailmaa hallitsee yhti\u00f6, joka kielt\u00e4\u00e4 omaper\u00e4isyyden, live-esiintymiset ja oikeat soittimet. Kaikki on digitaalista, ja nuorten kapinallisten suurin haave on l\u00f6yt\u00e4\u00e4 takaisin se rytmi ja &hellip; <a href=\"http:\/\/www.neuroky.fi\/?p=3831\" class=\"more-link\">Jatka lukemista <span class=\"screen-reader-text\">Korvenkyl\u00e4n kes\u00e4teatteri<\/span> <span class=\"meta-nav\">&rarr;<\/span><\/a><\/p>\n","protected":false},"author":31,"featured_media":0,"comment_status":"closed","ping_status":"closed","sticky":false,"template":"","format":"standard","meta":{"footnotes":""},"categories":[1],"tags":[],"class_list":["post-3831","post","type-post","status-publish","format-standard","hentry","category-yleinen"],"_links":{"self":[{"href":"http:\/\/www.neuroky.fi\/index.php?rest_route=\/wp\/v2\/posts\/3831","targetHints":{"allow":["GET"]}}],"collection":[{"href":"http:\/\/www.neuroky.fi\/index.php?rest_route=\/wp\/v2\/posts"}],"about":[{"href":"http:\/\/www.neuroky.fi\/index.php?rest_route=\/wp\/v2\/types\/post"}],"author":[{"embeddable":true,"href":"http:\/\/www.neuroky.fi\/index.php?rest_route=\/wp\/v2\/users\/31"}],"replies":[{"embeddable":true,"href":"http:\/\/www.neuroky.fi\/index.php?rest_route=%2Fwp%2Fv2%2Fcomments&post=3831"}],"version-history":[{"count":4,"href":"http:\/\/www.neuroky.fi\/index.php?rest_route=\/wp\/v2\/posts\/3831\/revisions"}],"predecessor-version":[{"id":3836,"href":"http:\/\/www.neuroky.fi\/index.php?rest_route=\/wp\/v2\/posts\/3831\/revisions\/3836"}],"wp:attachment":[{"href":"http:\/\/www.neuroky.fi\/index.php?rest_route=%2Fwp%2Fv2%2Fmedia&parent=3831"}],"wp:term":[{"taxonomy":"category","embeddable":true,"href":"http:\/\/www.neuroky.fi\/index.php?rest_route=%2Fwp%2Fv2%2Fcategories&post=3831"},{"taxonomy":"post_tag","embeddable":true,"href":"http:\/\/www.neuroky.fi\/index.php?rest_route=%2Fwp%2Fv2%2Ftags&post=3831"}],"curies":[{"name":"wp","href":"https:\/\/api.w.org\/{rel}","templated":true}]}}